{"id":1261,"date":"2025-08-29T13:05:10","date_gmt":"2025-08-29T16:05:10","guid":{"rendered":"https:\/\/lalidis.com.br\/?p=1261"},"modified":"2025-08-29T13:06:20","modified_gmt":"2025-08-29T16:06:20","slug":"cinema-e-orgulho-curta-fardado-aborda-a-vivencia-de-um-policial-militar-gay","status":"publish","type":"post","link":"https:\/\/lalidis.com.br\/index.php\/2025\/08\/29\/cinema-e-orgulho-curta-fardado-aborda-a-vivencia-de-um-policial-militar-gay\/","title":{"rendered":"Cinema e Orgulho: curta \u201cFArDADO\u201d aborda a viv\u00eancia de um policial militar gay"},"content":{"rendered":"<p style=\"text-align: right;\"><em>OLHO: Produzido por Mariana Biurrum e Dan Biurrum o filme foi lan\u00e7ado em Conquista<\/em><\/p>\n<p>No dia 28 de junho, Dia Internacional do Orgulho LGBTQIAPN+, o Centro de Cultura Camillo de Jesus Lima foi palco da exibi\u00e7\u00e3o do filme \u201cFArDADO\u201d, um curta-metragem que narra a hist\u00f3ria de Gustavo, um policial militar gay que vive entre duas realidades distantes: a rigidez do ambiente militar e a busca por sua liberdade afetiva e identidade.<\/p>\n<p>De acordo com a diretora de produ\u00e7\u00e3o e roteirista do curta Mari Biurrum, a ideia de produzir o filme surgiu em parceria com Dan Biurrum e o objetivo era abordar a tem\u00e1tica LGBTQIAPN+ com um recorte diferente e espec\u00edfico. \u201cEntendemos que o ambiente militar ainda \u00e9 fortemente marcado pelo machismo e pela homofobia. \u00c9 um tema tabu, mas justamente por isso sentimos a necessidade de falar sobre ele\u201d, afirma.<\/p>\n<p>O curta foi filmado ao longo de oito dias, com uma equipe formada por 25 profissionais. As grava\u00e7\u00f5es ocorreram inteiramente em Vit\u00f3ria da Conquista, tendo como principais loca\u00e7\u00f5es os bairros Vila Elisa, Alto Maron, Urbis VI, al\u00e9m do caminho para o Povoado da Estiva e o Centro Estadual de Abastecimento (Ceasa).<\/p>\n<p>Mari Biurrum relembra que acompanhar o projeto ganhando forma foi uma experi\u00eancia gratificante, mas tamb\u00e9m desafiadora. \u201cA verba era curta e isso exigiu muita criatividade, esfor\u00e7o coletivo e, principalmente, o apoio de pessoas e empresas que acreditaram no projeto. Sem essa rede de apoio, nada disso teria sido poss\u00edvel\u201d.<\/p>\n<p>Os pr\u00f3ximos passos incluem a inscri\u00e7\u00e3o do filme em festivais de cinema, tanto no Brasil quanto no exterior, al\u00e9m da sua circula\u00e7\u00e3o em plataformas de streaming e canais de televis\u00e3o. \u201cEssa \u00e9 uma etapa muito importante, porque queremos que essa hist\u00f3ria circule, provoque reflex\u00f5es e alcance diferentes p\u00fablicos. Queremos que essa mensagem v\u00e1 longe\u201d, afirma Mari.<\/p>\n<p>O filme \u201cFArDADO\u201d \u00e9 um projeto contemplado nos Editais da Paulo Gustavo Bahia e tem apoio financeiro do Governo do Estado da Bahia atrav\u00e9s da Secretaria de Cultura via Lei Paulo Gustavo, direcionada pelo Minist\u00e9rio da Cultura, Governo Federal e Paulo Gustavo\u00a0Bahia\u00a0(PGBA).<\/p>\n<figure id=\"attachment_1262\" aria-describedby=\"caption-attachment-1262\" style=\"width: 800px\" class=\"wp-caption alignnone\"><img loading=\"lazy\" decoding=\"async\" class=\"size-large wp-image-1262\" src=\"https:\/\/lalidis.com.br\/wp-content\/uploads\/2025\/08\/Imagem-do-WhatsApp-de-2025-07-27-as-21.06.06_c57961a0-1024x576.jpg\" alt=\"\" width=\"800\" height=\"450\" srcset=\"https:\/\/lalidis.com.br\/wp-content\/uploads\/2025\/08\/Imagem-do-WhatsApp-de-2025-07-27-as-21.06.06_c57961a0-1024x576.jpg 1024w, https:\/\/lalidis.com.br\/wp-content\/uploads\/2025\/08\/Imagem-do-WhatsApp-de-2025-07-27-as-21.06.06_c57961a0-300x169.jpg 300w, https:\/\/lalidis.com.br\/wp-content\/uploads\/2025\/08\/Imagem-do-WhatsApp-de-2025-07-27-as-21.06.06_c57961a0-768x432.jpg 768w, https:\/\/lalidis.com.br\/wp-content\/uploads\/2025\/08\/Imagem-do-WhatsApp-de-2025-07-27-as-21.06.06_c57961a0-1536x864.jpg 1536w, https:\/\/lalidis.com.br\/wp-content\/uploads\/2025\/08\/Imagem-do-WhatsApp-de-2025-07-27-as-21.06.06_c57961a0-2048x1152.jpg 2048w\" sizes=\"auto, (max-width: 800px) 100vw, 800px\" \/><figcaption id=\"caption-attachment-1262\" class=\"wp-caption-text\"><em>Imagens Oficiais do curta \u201cFArDADO\u201d.<\/em><\/figcaption><\/figure>\n<p><img loading=\"lazy\" decoding=\"async\" class=\"alignnone size-large wp-image-1263\" src=\"https:\/\/lalidis.com.br\/wp-content\/uploads\/2025\/08\/Imagem-do-WhatsApp-de-2025-07-27-as-21.06.05_55d60047-1024x576.jpg\" alt=\"\" width=\"800\" height=\"450\" srcset=\"https:\/\/lalidis.com.br\/wp-content\/uploads\/2025\/08\/Imagem-do-WhatsApp-de-2025-07-27-as-21.06.05_55d60047-1024x576.jpg 1024w, https:\/\/lalidis.com.br\/wp-content\/uploads\/2025\/08\/Imagem-do-WhatsApp-de-2025-07-27-as-21.06.05_55d60047-300x169.jpg 300w, https:\/\/lalidis.com.br\/wp-content\/uploads\/2025\/08\/Imagem-do-WhatsApp-de-2025-07-27-as-21.06.05_55d60047-768x432.jpg 768w, https:\/\/lalidis.com.br\/wp-content\/uploads\/2025\/08\/Imagem-do-WhatsApp-de-2025-07-27-as-21.06.05_55d60047-1536x864.jpg 1536w, https:\/\/lalidis.com.br\/wp-content\/uploads\/2025\/08\/Imagem-do-WhatsApp-de-2025-07-27-as-21.06.05_55d60047-2048x1152.jpg 2048w\" sizes=\"auto, (max-width: 800px) 100vw, 800px\" \/><br \/>\n<em>Produ\u00e7\u00e3o.<\/em><\/p>\n<p><img loading=\"lazy\" decoding=\"async\" class=\"alignnone size-large wp-image-1265\" src=\"https:\/\/lalidis.com.br\/wp-content\/uploads\/2025\/08\/Imagem-do-WhatsApp-de-2025-07-27-as-21.06.06_57eb1c1e-1024x768.jpg\" alt=\"\" width=\"800\" height=\"600\" srcset=\"https:\/\/lalidis.com.br\/wp-content\/uploads\/2025\/08\/Imagem-do-WhatsApp-de-2025-07-27-as-21.06.06_57eb1c1e-1024x768.jpg 1024w, https:\/\/lalidis.com.br\/wp-content\/uploads\/2025\/08\/Imagem-do-WhatsApp-de-2025-07-27-as-21.06.06_57eb1c1e-300x225.jpg 300w, https:\/\/lalidis.com.br\/wp-content\/uploads\/2025\/08\/Imagem-do-WhatsApp-de-2025-07-27-as-21.06.06_57eb1c1e-768x576.jpg 768w, https:\/\/lalidis.com.br\/wp-content\/uploads\/2025\/08\/Imagem-do-WhatsApp-de-2025-07-27-as-21.06.06_57eb1c1e-1536x1152.jpg 1536w, https:\/\/lalidis.com.br\/wp-content\/uploads\/2025\/08\/Imagem-do-WhatsApp-de-2025-07-27-as-21.06.06_57eb1c1e.jpg 1600w\" sizes=\"auto, (max-width: 800px) 100vw, 800px\" \/><br \/>\n<em>Exibi\u00e7\u00e3o do Filme no Centro de Cultura Camilo de Jesus Lima.<br \/>\n<img loading=\"lazy\" decoding=\"async\" class=\"alignnone size-large wp-image-1266\" src=\"https:\/\/lalidis.com.br\/wp-content\/uploads\/2025\/08\/Imagem-do-WhatsApp-de-2025-07-27-as-21.06.06_91bf7cec-1024x576.jpg\" alt=\"\" width=\"800\" height=\"450\" srcset=\"https:\/\/lalidis.com.br\/wp-content\/uploads\/2025\/08\/Imagem-do-WhatsApp-de-2025-07-27-as-21.06.06_91bf7cec-1024x576.jpg 1024w, https:\/\/lalidis.com.br\/wp-content\/uploads\/2025\/08\/Imagem-do-WhatsApp-de-2025-07-27-as-21.06.06_91bf7cec-300x169.jpg 300w, https:\/\/lalidis.com.br\/wp-content\/uploads\/2025\/08\/Imagem-do-WhatsApp-de-2025-07-27-as-21.06.06_91bf7cec-768x432.jpg 768w, https:\/\/lalidis.com.br\/wp-content\/uploads\/2025\/08\/Imagem-do-WhatsApp-de-2025-07-27-as-21.06.06_91bf7cec-1536x864.jpg 1536w, https:\/\/lalidis.com.br\/wp-content\/uploads\/2025\/08\/Imagem-do-WhatsApp-de-2025-07-27-as-21.06.06_91bf7cec-2048x1152.jpg 2048w\" sizes=\"auto, (max-width: 800px) 100vw, 800px\" \/><br \/>\nReprodu\u00e7\u00e3o: \u201cFArDADO\u201d<\/em><\/p>\n<p><img loading=\"lazy\" decoding=\"async\" class=\"alignnone size-large wp-image-1267\" src=\"https:\/\/lalidis.com.br\/wp-content\/uploads\/2025\/08\/Imagem-do-WhatsApp-de-2025-07-27-as-21.06.06_6006280f-1024x768.jpg\" alt=\"\" width=\"800\" height=\"600\" srcset=\"https:\/\/lalidis.com.br\/wp-content\/uploads\/2025\/08\/Imagem-do-WhatsApp-de-2025-07-27-as-21.06.06_6006280f-1024x768.jpg 1024w, https:\/\/lalidis.com.br\/wp-content\/uploads\/2025\/08\/Imagem-do-WhatsApp-de-2025-07-27-as-21.06.06_6006280f-300x225.jpg 300w, https:\/\/lalidis.com.br\/wp-content\/uploads\/2025\/08\/Imagem-do-WhatsApp-de-2025-07-27-as-21.06.06_6006280f-768x576.jpg 768w, https:\/\/lalidis.com.br\/wp-content\/uploads\/2025\/08\/Imagem-do-WhatsApp-de-2025-07-27-as-21.06.06_6006280f-1536x1152.jpg 1536w, https:\/\/lalidis.com.br\/wp-content\/uploads\/2025\/08\/Imagem-do-WhatsApp-de-2025-07-27-as-21.06.06_6006280f.jpg 1600w\" sizes=\"auto, (max-width: 800px) 100vw, 800px\" \/><br \/>\nExibi\u00e7\u00e3o do Filme no Centro de Cultura Camilo de Jesus Lima.<br \/>\n<img loading=\"lazy\" decoding=\"async\" class=\"alignnone size-large wp-image-1269\" src=\"https:\/\/lalidis.com.br\/wp-content\/uploads\/2025\/08\/Imagem-do-WhatsApp-de-2025-07-27-as-21.06.06_9cfeec33-1024x576.jpg\" alt=\"\" width=\"800\" height=\"450\" srcset=\"https:\/\/lalidis.com.br\/wp-content\/uploads\/2025\/08\/Imagem-do-WhatsApp-de-2025-07-27-as-21.06.06_9cfeec33-1024x576.jpg 1024w, https:\/\/lalidis.com.br\/wp-content\/uploads\/2025\/08\/Imagem-do-WhatsApp-de-2025-07-27-as-21.06.06_9cfeec33-300x169.jpg 300w, https:\/\/lalidis.com.br\/wp-content\/uploads\/2025\/08\/Imagem-do-WhatsApp-de-2025-07-27-as-21.06.06_9cfeec33-768x432.jpg 768w, https:\/\/lalidis.com.br\/wp-content\/uploads\/2025\/08\/Imagem-do-WhatsApp-de-2025-07-27-as-21.06.06_9cfeec33-1536x864.jpg 1536w, https:\/\/lalidis.com.br\/wp-content\/uploads\/2025\/08\/Imagem-do-WhatsApp-de-2025-07-27-as-21.06.06_9cfeec33-2048x1152.jpg 2048w\" sizes=\"auto, (max-width: 800px) 100vw, 800px\" \/><br \/>\nReprodu\u00e7\u00e3o: \u201cFArDADO\u201d<\/p>\n<div class=\"pvc_clear\"><\/div>\n<p id=\"pvc_stats_1261\" class=\"pvc_stats all  \" data-element-id=\"1261\" style=\"\"><i class=\"pvc-stats-icon medium\" aria-hidden=\"true\"><svg aria-hidden=\"true\" focusable=\"false\" data-prefix=\"far\" data-icon=\"chart-bar\" role=\"img\" xmlns=\"http:\/\/www.w3.org\/2000\/svg\" viewBox=\"0 0 512 512\" class=\"svg-inline--fa fa-chart-bar fa-w-16 fa-2x\"><path fill=\"currentColor\" d=\"M396.8 352h22.4c6.4 0 12.8-6.4 12.8-12.8V108.8c0-6.4-6.4-12.8-12.8-12.8h-22.4c-6.4 0-12.8 6.4-12.8 12.8v230.4c0 6.4 6.4 12.8 12.8 12.8zm-192 0h22.4c6.4 0 12.8-6.4 12.8-12.8V140.8c0-6.4-6.4-12.8-12.8-12.8h-22.4c-6.4 0-12.8 6.4-12.8 12.8v198.4c0 6.4 6.4 12.8 12.8 12.8zm96 0h22.4c6.4 0 12.8-6.4 12.8-12.8V204.8c0-6.4-6.4-12.8-12.8-12.8h-22.4c-6.4 0-12.8 6.4-12.8 12.8v134.4c0 6.4 6.4 12.8 12.8 12.8zM496 400H48V80c0-8.84-7.16-16-16-16H16C7.16 64 0 71.16 0 80v336c0 17.67 14.33 32 32 32h464c8.84 0 16-7.16 16-16v-16c0-8.84-7.16-16-16-16zm-387.2-48h22.4c6.4 0 12.8-6.4 12.8-12.8v-70.4c0-6.4-6.4-12.8-12.8-12.8h-22.4c-6.4 0-12.8 6.4-12.8 12.8v70.4c0 6.4 6.4 12.8 12.8 12.8z\" class=\"\"><\/path><\/svg><\/i> <img loading=\"lazy\" decoding=\"async\" width=\"16\" height=\"16\" alt=\"Loading\" src=\"https:\/\/lalidis.com.br\/wp-content\/plugins\/page-views-count\/ajax-loader-2x.gif\" border=0 \/><\/p>\n<div class=\"pvc_clear\"><\/div>\n ","protected":false},"excerpt":{"rendered":"<p>OLHO: Produzido por Mariana Biurrum e Dan Biurrum o filme foi lan\u00e7ado em Conquista No dia 28 de junho, Dia<\/p>\n","protected":false},"author":1,"featured_media":1266,"comment_status":"open","ping_status":"open","sticky":false,"template":"","format":"standard","meta":{"colormag_page_container_layout":"default_layout","colormag_page_sidebar_layout":"default_layout","jetpack_post_was_ever_published":false,"_jetpack_newsletter_access":"","_jetpack_dont_email_post_to_subs":false,"_jetpack_newsletter_tier_id":0,"_jetpack_memberships_contains_paywalled_content":false,"_jetpack_memberships_contains_paid_content":false,"footnotes":""},"categories":[89],"tags":[274],"class_list":["post-1261","post","type-post","status-publish","format-standard","has-post-thumbnail","hentry","category-de-tudo-um-pouco","tag-policialgaycurtafardado"],"a3_pvc":{"activated":true,"total_views":261,"today_views":0},"yoast_head":"<!-- This site is optimized with the Yoast SEO plugin v27.5 - https:\/\/yoast.com\/product\/yoast-seo-wordpress\/ -->\n<title>Cinema e Orgulho: curta \u201cFArDADO\u201d aborda a viv\u00eancia de um policial militar gay - LALIDIS<\/title>\n<meta name=\"robots\" content=\"index, follow, max-snippet:-1, max-image-preview:large, max-video-preview:-1\" \/>\n<link rel=\"canonical\" href=\"https:\/\/lalidis.com.br\/index.php\/2025\/08\/29\/cinema-e-orgulho-curta-fardado-aborda-a-vivencia-de-um-policial-militar-gay\/\" \/>\n<meta property=\"og:locale\" content=\"pt_BR\" \/>\n<meta property=\"og:type\" content=\"article\" \/>\n<meta property=\"og:title\" content=\"Cinema e Orgulho: curta \u201cFArDADO\u201d aborda a viv\u00eancia de um policial militar gay - LALIDIS\" \/>\n<meta property=\"og:description\" content=\"OLHO: Produzido por Mariana Biurrum e Dan Biurrum o filme foi lan\u00e7ado em Conquista No dia 28 de junho, Dia\" \/>\n<meta property=\"og:url\" content=\"https:\/\/lalidis.com.br\/index.php\/2025\/08\/29\/cinema-e-orgulho-curta-fardado-aborda-a-vivencia-de-um-policial-militar-gay\/\" \/>\n<meta property=\"og:site_name\" content=\"LALIDIS\" \/>\n<meta property=\"article:published_time\" content=\"2025-08-29T16:05:10+00:00\" \/>\n<meta property=\"article:modified_time\" content=\"2025-08-29T16:06:20+00:00\" \/>\n<meta property=\"og:image\" content=\"https:\/\/lalidis.com.br\/wp-content\/uploads\/2025\/08\/Imagem-do-WhatsApp-de-2025-07-27-as-21.06.06_91bf7cec-scaled.jpg\" \/>\n\t<meta property=\"og:image:width\" content=\"2560\" \/>\n\t<meta property=\"og:image:height\" content=\"1440\" \/>\n\t<meta property=\"og:image:type\" content=\"image\/jpeg\" \/>\n<meta name=\"author\" content=\"Lalidis\" \/>\n<meta name=\"twitter:card\" content=\"summary_large_image\" \/>\n<meta name=\"twitter:label1\" content=\"Escrito por\" \/>\n\t<meta name=\"twitter:data1\" content=\"Lalidis\" \/>\n\t<meta name=\"twitter:label2\" content=\"Est. tempo de leitura\" \/>\n\t<meta name=\"twitter:data2\" content=\"3 minutos\" \/>\n<script type=\"application\/ld+json\" class=\"yoast-schema-graph\">{\"@context\":\"https:\\\/\\\/schema.org\",\"@graph\":[{\"@type\":\"Article\",\"@id\":\"https:\\\/\\\/lalidis.com.br\\\/index.php\\\/2025\\\/08\\\/29\\\/cinema-e-orgulho-curta-fardado-aborda-a-vivencia-de-um-policial-militar-gay\\\/#article\",\"isPartOf\":{\"@id\":\"https:\\\/\\\/lalidis.com.br\\\/index.php\\\/2025\\\/08\\\/29\\\/cinema-e-orgulho-curta-fardado-aborda-a-vivencia-de-um-policial-militar-gay\\\/\"},\"author\":{\"name\":\"Lalidis\",\"@id\":\"https:\\\/\\\/lalidis.com.br\\\/#\\\/schema\\\/person\\\/e4d35d749074e716926727ce8042326a\"},\"headline\":\"Cinema e Orgulho: curta \u201cFArDADO\u201d aborda a viv\u00eancia de um policial militar gay\",\"datePublished\":\"2025-08-29T16:05:10+00:00\",\"dateModified\":\"2025-08-29T16:06:20+00:00\",\"mainEntityOfPage\":{\"@id\":\"https:\\\/\\\/lalidis.com.br\\\/index.php\\\/2025\\\/08\\\/29\\\/cinema-e-orgulho-curta-fardado-aborda-a-vivencia-de-um-policial-militar-gay\\\/\"},\"wordCount\":416,\"commentCount\":0,\"image\":{\"@id\":\"https:\\\/\\\/lalidis.com.br\\\/index.php\\\/2025\\\/08\\\/29\\\/cinema-e-orgulho-curta-fardado-aborda-a-vivencia-de-um-policial-militar-gay\\\/#primaryimage\"},\"thumbnailUrl\":\"https:\\\/\\\/lalidis.com.br\\\/wp-content\\\/uploads\\\/2025\\\/08\\\/Imagem-do-WhatsApp-de-2025-07-27-as-21.06.06_91bf7cec-scaled.jpg\",\"keywords\":[\"#policialgay#curta#fardado\"],\"articleSection\":[\"De tudo um pouco\"],\"inLanguage\":\"pt-BR\",\"potentialAction\":[{\"@type\":\"CommentAction\",\"name\":\"Comment\",\"target\":[\"https:\\\/\\\/lalidis.com.br\\\/index.php\\\/2025\\\/08\\\/29\\\/cinema-e-orgulho-curta-fardado-aborda-a-vivencia-de-um-policial-militar-gay\\\/#respond\"]}]},{\"@type\":\"WebPage\",\"@id\":\"https:\\\/\\\/lalidis.com.br\\\/index.php\\\/2025\\\/08\\\/29\\\/cinema-e-orgulho-curta-fardado-aborda-a-vivencia-de-um-policial-militar-gay\\\/\",\"url\":\"https:\\\/\\\/lalidis.com.br\\\/index.php\\\/2025\\\/08\\\/29\\\/cinema-e-orgulho-curta-fardado-aborda-a-vivencia-de-um-policial-militar-gay\\\/\",\"name\":\"Cinema e Orgulho: curta \u201cFArDADO\u201d aborda a viv\u00eancia de um policial militar gay - LALIDIS\",\"isPartOf\":{\"@id\":\"https:\\\/\\\/lalidis.com.br\\\/#website\"},\"primaryImageOfPage\":{\"@id\":\"https:\\\/\\\/lalidis.com.br\\\/index.php\\\/2025\\\/08\\\/29\\\/cinema-e-orgulho-curta-fardado-aborda-a-vivencia-de-um-policial-militar-gay\\\/#primaryimage\"},\"image\":{\"@id\":\"https:\\\/\\\/lalidis.com.br\\\/index.php\\\/2025\\\/08\\\/29\\\/cinema-e-orgulho-curta-fardado-aborda-a-vivencia-de-um-policial-militar-gay\\\/#primaryimage\"},\"thumbnailUrl\":\"https:\\\/\\\/lalidis.com.br\\\/wp-content\\\/uploads\\\/2025\\\/08\\\/Imagem-do-WhatsApp-de-2025-07-27-as-21.06.06_91bf7cec-scaled.jpg\",\"datePublished\":\"2025-08-29T16:05:10+00:00\",\"dateModified\":\"2025-08-29T16:06:20+00:00\",\"author\":{\"@id\":\"https:\\\/\\\/lalidis.com.br\\\/#\\\/schema\\\/person\\\/e4d35d749074e716926727ce8042326a\"},\"breadcrumb\":{\"@id\":\"https:\\\/\\\/lalidis.com.br\\\/index.php\\\/2025\\\/08\\\/29\\\/cinema-e-orgulho-curta-fardado-aborda-a-vivencia-de-um-policial-militar-gay\\\/#breadcrumb\"},\"inLanguage\":\"pt-BR\",\"potentialAction\":[{\"@type\":\"ReadAction\",\"target\":[\"https:\\\/\\\/lalidis.com.br\\\/index.php\\\/2025\\\/08\\\/29\\\/cinema-e-orgulho-curta-fardado-aborda-a-vivencia-de-um-policial-militar-gay\\\/\"]}]},{\"@type\":\"ImageObject\",\"inLanguage\":\"pt-BR\",\"@id\":\"https:\\\/\\\/lalidis.com.br\\\/index.php\\\/2025\\\/08\\\/29\\\/cinema-e-orgulho-curta-fardado-aborda-a-vivencia-de-um-policial-militar-gay\\\/#primaryimage\",\"url\":\"https:\\\/\\\/lalidis.com.br\\\/wp-content\\\/uploads\\\/2025\\\/08\\\/Imagem-do-WhatsApp-de-2025-07-27-as-21.06.06_91bf7cec-scaled.jpg\",\"contentUrl\":\"https:\\\/\\\/lalidis.com.br\\\/wp-content\\\/uploads\\\/2025\\\/08\\\/Imagem-do-WhatsApp-de-2025-07-27-as-21.06.06_91bf7cec-scaled.jpg\",\"width\":2560,\"height\":1440},{\"@type\":\"BreadcrumbList\",\"@id\":\"https:\\\/\\\/lalidis.com.br\\\/index.php\\\/2025\\\/08\\\/29\\\/cinema-e-orgulho-curta-fardado-aborda-a-vivencia-de-um-policial-militar-gay\\\/#breadcrumb\",\"itemListElement\":[{\"@type\":\"ListItem\",\"position\":1,\"name\":\"In\u00edcio\",\"item\":\"https:\\\/\\\/lalidis.com.br\\\/\"},{\"@type\":\"ListItem\",\"position\":2,\"name\":\"Cinema e Orgulho: curta \u201cFArDADO\u201d aborda a viv\u00eancia de um policial militar gay\"}]},{\"@type\":\"WebSite\",\"@id\":\"https:\\\/\\\/lalidis.com.br\\\/#website\",\"url\":\"https:\\\/\\\/lalidis.com.br\\\/\",\"name\":\"LALIDIS\",\"description\":\"\",\"potentialAction\":[{\"@type\":\"SearchAction\",\"target\":{\"@type\":\"EntryPoint\",\"urlTemplate\":\"https:\\\/\\\/lalidis.com.br\\\/?s={search_term_string}\"},\"query-input\":{\"@type\":\"PropertyValueSpecification\",\"valueRequired\":true,\"valueName\":\"search_term_string\"}}],\"inLanguage\":\"pt-BR\"},{\"@type\":\"Person\",\"@id\":\"https:\\\/\\\/lalidis.com.br\\\/#\\\/schema\\\/person\\\/e4d35d749074e716926727ce8042326a\",\"name\":\"Lalidis\",\"image\":{\"@type\":\"ImageObject\",\"inLanguage\":\"pt-BR\",\"@id\":\"https:\\\/\\\/secure.gravatar.com\\\/avatar\\\/309f71e01da4eb8ed64e07aae1acea71c49d1f31cb8ef0352f38d1f25385fdb3?s=96&d=mm&r=g\",\"url\":\"https:\\\/\\\/secure.gravatar.com\\\/avatar\\\/309f71e01da4eb8ed64e07aae1acea71c49d1f31cb8ef0352f38d1f25385fdb3?s=96&d=mm&r=g\",\"contentUrl\":\"https:\\\/\\\/secure.gravatar.com\\\/avatar\\\/309f71e01da4eb8ed64e07aae1acea71c49d1f31cb8ef0352f38d1f25385fdb3?s=96&d=mm&r=g\",\"caption\":\"Lalidis\"},\"url\":\"https:\\\/\\\/lalidis.com.br\\\/index.php\\\/author\\\/lalidis\\\/\"}]}<\/script>\n<!-- \/ Yoast SEO plugin. -->","yoast_head_json":{"title":"Cinema e Orgulho: curta \u201cFArDADO\u201d aborda a viv\u00eancia de um policial militar gay - LALIDIS","robots":{"index":"index","follow":"follow","max-snippet":"max-snippet:-1","max-image-preview":"max-image-preview:large","max-video-preview":"max-video-preview:-1"},"canonical":"https:\/\/lalidis.com.br\/index.php\/2025\/08\/29\/cinema-e-orgulho-curta-fardado-aborda-a-vivencia-de-um-policial-militar-gay\/","og_locale":"pt_BR","og_type":"article","og_title":"Cinema e Orgulho: curta \u201cFArDADO\u201d aborda a viv\u00eancia de um policial militar gay - LALIDIS","og_description":"OLHO: Produzido por Mariana Biurrum e Dan Biurrum o filme foi lan\u00e7ado em Conquista No dia 28 de junho, Dia","og_url":"https:\/\/lalidis.com.br\/index.php\/2025\/08\/29\/cinema-e-orgulho-curta-fardado-aborda-a-vivencia-de-um-policial-militar-gay\/","og_site_name":"LALIDIS","article_published_time":"2025-08-29T16:05:10+00:00","article_modified_time":"2025-08-29T16:06:20+00:00","og_image":[{"width":2560,"height":1440,"url":"https:\/\/lalidis.com.br\/wp-content\/uploads\/2025\/08\/Imagem-do-WhatsApp-de-2025-07-27-as-21.06.06_91bf7cec-scaled.jpg","type":"image\/jpeg"}],"author":"Lalidis","twitter_card":"summary_large_image","twitter_misc":{"Escrito por":"Lalidis","Est. tempo de leitura":"3 minutos"},"schema":{"@context":"https:\/\/schema.org","@graph":[{"@type":"Article","@id":"https:\/\/lalidis.com.br\/index.php\/2025\/08\/29\/cinema-e-orgulho-curta-fardado-aborda-a-vivencia-de-um-policial-militar-gay\/#article","isPartOf":{"@id":"https:\/\/lalidis.com.br\/index.php\/2025\/08\/29\/cinema-e-orgulho-curta-fardado-aborda-a-vivencia-de-um-policial-militar-gay\/"},"author":{"name":"Lalidis","@id":"https:\/\/lalidis.com.br\/#\/schema\/person\/e4d35d749074e716926727ce8042326a"},"headline":"Cinema e Orgulho: curta \u201cFArDADO\u201d aborda a viv\u00eancia de um policial militar gay","datePublished":"2025-08-29T16:05:10+00:00","dateModified":"2025-08-29T16:06:20+00:00","mainEntityOfPage":{"@id":"https:\/\/lalidis.com.br\/index.php\/2025\/08\/29\/cinema-e-orgulho-curta-fardado-aborda-a-vivencia-de-um-policial-militar-gay\/"},"wordCount":416,"commentCount":0,"image":{"@id":"https:\/\/lalidis.com.br\/index.php\/2025\/08\/29\/cinema-e-orgulho-curta-fardado-aborda-a-vivencia-de-um-policial-militar-gay\/#primaryimage"},"thumbnailUrl":"https:\/\/lalidis.com.br\/wp-content\/uploads\/2025\/08\/Imagem-do-WhatsApp-de-2025-07-27-as-21.06.06_91bf7cec-scaled.jpg","keywords":["#policialgay#curta#fardado"],"articleSection":["De tudo um pouco"],"inLanguage":"pt-BR","potentialAction":[{"@type":"CommentAction","name":"Comment","target":["https:\/\/lalidis.com.br\/index.php\/2025\/08\/29\/cinema-e-orgulho-curta-fardado-aborda-a-vivencia-de-um-policial-militar-gay\/#respond"]}]},{"@type":"WebPage","@id":"https:\/\/lalidis.com.br\/index.php\/2025\/08\/29\/cinema-e-orgulho-curta-fardado-aborda-a-vivencia-de-um-policial-militar-gay\/","url":"https:\/\/lalidis.com.br\/index.php\/2025\/08\/29\/cinema-e-orgulho-curta-fardado-aborda-a-vivencia-de-um-policial-militar-gay\/","name":"Cinema e Orgulho: curta \u201cFArDADO\u201d aborda a viv\u00eancia de um policial militar gay - LALIDIS","isPartOf":{"@id":"https:\/\/lalidis.com.br\/#website"},"primaryImageOfPage":{"@id":"https:\/\/lalidis.com.br\/index.php\/2025\/08\/29\/cinema-e-orgulho-curta-fardado-aborda-a-vivencia-de-um-policial-militar-gay\/#primaryimage"},"image":{"@id":"https:\/\/lalidis.com.br\/index.php\/2025\/08\/29\/cinema-e-orgulho-curta-fardado-aborda-a-vivencia-de-um-policial-militar-gay\/#primaryimage"},"thumbnailUrl":"https:\/\/lalidis.com.br\/wp-content\/uploads\/2025\/08\/Imagem-do-WhatsApp-de-2025-07-27-as-21.06.06_91bf7cec-scaled.jpg","datePublished":"2025-08-29T16:05:10+00:00","dateModified":"2025-08-29T16:06:20+00:00","author":{"@id":"https:\/\/lalidis.com.br\/#\/schema\/person\/e4d35d749074e716926727ce8042326a"},"breadcrumb":{"@id":"https:\/\/lalidis.com.br\/index.php\/2025\/08\/29\/cinema-e-orgulho-curta-fardado-aborda-a-vivencia-de-um-policial-militar-gay\/#breadcrumb"},"inLanguage":"pt-BR","potentialAction":[{"@type":"ReadAction","target":["https:\/\/lalidis.com.br\/index.php\/2025\/08\/29\/cinema-e-orgulho-curta-fardado-aborda-a-vivencia-de-um-policial-militar-gay\/"]}]},{"@type":"ImageObject","inLanguage":"pt-BR","@id":"https:\/\/lalidis.com.br\/index.php\/2025\/08\/29\/cinema-e-orgulho-curta-fardado-aborda-a-vivencia-de-um-policial-militar-gay\/#primaryimage","url":"https:\/\/lalidis.com.br\/wp-content\/uploads\/2025\/08\/Imagem-do-WhatsApp-de-2025-07-27-as-21.06.06_91bf7cec-scaled.jpg","contentUrl":"https:\/\/lalidis.com.br\/wp-content\/uploads\/2025\/08\/Imagem-do-WhatsApp-de-2025-07-27-as-21.06.06_91bf7cec-scaled.jpg","width":2560,"height":1440},{"@type":"BreadcrumbList","@id":"https:\/\/lalidis.com.br\/index.php\/2025\/08\/29\/cinema-e-orgulho-curta-fardado-aborda-a-vivencia-de-um-policial-militar-gay\/#breadcrumb","itemListElement":[{"@type":"ListItem","position":1,"name":"In\u00edcio","item":"https:\/\/lalidis.com.br\/"},{"@type":"ListItem","position":2,"name":"Cinema e Orgulho: curta \u201cFArDADO\u201d aborda a viv\u00eancia de um policial militar gay"}]},{"@type":"WebSite","@id":"https:\/\/lalidis.com.br\/#website","url":"https:\/\/lalidis.com.br\/","name":"LALIDIS","description":"","potentialAction":[{"@type":"SearchAction","target":{"@type":"EntryPoint","urlTemplate":"https:\/\/lalidis.com.br\/?s={search_term_string}"},"query-input":{"@type":"PropertyValueSpecification","valueRequired":true,"valueName":"search_term_string"}}],"inLanguage":"pt-BR"},{"@type":"Person","@id":"https:\/\/lalidis.com.br\/#\/schema\/person\/e4d35d749074e716926727ce8042326a","name":"Lalidis","image":{"@type":"ImageObject","inLanguage":"pt-BR","@id":"https:\/\/secure.gravatar.com\/avatar\/309f71e01da4eb8ed64e07aae1acea71c49d1f31cb8ef0352f38d1f25385fdb3?s=96&d=mm&r=g","url":"https:\/\/secure.gravatar.com\/avatar\/309f71e01da4eb8ed64e07aae1acea71c49d1f31cb8ef0352f38d1f25385fdb3?s=96&d=mm&r=g","contentUrl":"https:\/\/secure.gravatar.com\/avatar\/309f71e01da4eb8ed64e07aae1acea71c49d1f31cb8ef0352f38d1f25385fdb3?s=96&d=mm&r=g","caption":"Lalidis"},"url":"https:\/\/lalidis.com.br\/index.php\/author\/lalidis\/"}]}},"jetpack_featured_media_url":"https:\/\/lalidis.com.br\/wp-content\/uploads\/2025\/08\/Imagem-do-WhatsApp-de-2025-07-27-as-21.06.06_91bf7cec-scaled.jpg","jetpack_sharing_enabled":true,"jetpack_likes_enabled":true,"jetpack-related-posts":[],"_links":{"self":[{"href":"https:\/\/lalidis.com.br\/index.php\/wp-json\/wp\/v2\/posts\/1261","targetHints":{"allow":["GET"]}}],"collection":[{"href":"https:\/\/lalidis.com.br\/index.php\/wp-json\/wp\/v2\/posts"}],"about":[{"href":"https:\/\/lalidis.com.br\/index.php\/wp-json\/wp\/v2\/types\/post"}],"author":[{"embeddable":true,"href":"https:\/\/lalidis.com.br\/index.php\/wp-json\/wp\/v2\/users\/1"}],"replies":[{"embeddable":true,"href":"https:\/\/lalidis.com.br\/index.php\/wp-json\/wp\/v2\/comments?post=1261"}],"version-history":[{"count":2,"href":"https:\/\/lalidis.com.br\/index.php\/wp-json\/wp\/v2\/posts\/1261\/revisions"}],"predecessor-version":[{"id":1271,"href":"https:\/\/lalidis.com.br\/index.php\/wp-json\/wp\/v2\/posts\/1261\/revisions\/1271"}],"wp:featuredmedia":[{"embeddable":true,"href":"https:\/\/lalidis.com.br\/index.php\/wp-json\/wp\/v2\/media\/1266"}],"wp:attachment":[{"href":"https:\/\/lalidis.com.br\/index.php\/wp-json\/wp\/v2\/media?parent=1261"}],"wp:term":[{"taxonomy":"category","embeddable":true,"href":"https:\/\/lalidis.com.br\/index.php\/wp-json\/wp\/v2\/categories?post=1261"},{"taxonomy":"post_tag","embeddable":true,"href":"https:\/\/lalidis.com.br\/index.php\/wp-json\/wp\/v2\/tags?post=1261"}],"curies":[{"name":"wp","href":"https:\/\/api.w.org\/{rel}","templated":true}]}}