{"id":900,"date":"2021-06-28T20:32:03","date_gmt":"2021-06-28T23:32:03","guid":{"rendered":"http:\/\/lalidis.com.br\/?p=900"},"modified":"2021-06-28T20:32:03","modified_gmt":"2021-06-28T23:32:03","slug":"dia-do-orgulho-lgbtqia","status":"publish","type":"post","link":"https:\/\/lalidis.com.br\/index.php\/2021\/06\/28\/dia-do-orgulho-lgbtqia\/","title":{"rendered":"Dia do Orgulho LGBTQIA"},"content":{"rendered":"<p>Um dia que s\u00f3 pode ser celebrado hoje por conta das diversas lutas e injusti\u00e7as do passado: o dia 28 de junho \u00e9 mais do que uma data para lembrar, mas sim uma data para continuar resistindo. H\u00e1 51 anos atr\u00e1s, nesse mesmo dia na Nova York de 1969, acontecia a Revolta de Stonewall, determinada como in\u00edcio do movimento LGBTQI+ moderno.<\/p>\n<p style=\"text-align: justify;\">\u00a0\u00a0\u00a0\u00a0\u00a0\u00a0\u00a0\u00a0\u00a0\u00a0\u00a0 Na d\u00e9cada de 60 nos Estados Unidos as rela\u00e7\u00f5es entre pessoas do mesmo sexo eram consideradas crime e, al\u00e9m disso, estabelecimentos tidos como gays eram proibidos de vender bebidas alc\u00f3olicas. A exce\u00e7\u00e3o dessa regra era Stonewall Inn, cujos donos possu\u00edam liga\u00e7\u00e3o com a m\u00e1fia italiana e pagavam propina para que ele funcionasse, deixando que o bar passasse pela vista grossa da pol\u00edcia.<\/p>\n<p style=\"text-align: justify;\">\u00a0\u00a0\u00a0\u00a0\u00a0\u00a0\u00a0\u00a0\u00a0\u00a0\u00a0 Stonewall Inn era considerado ponto de encontro da comunidade LGBT+, tendo como grande parte de seu p\u00fablico jovens perif\u00e9ricos ou que haviam sido expulsos de casa por homofobia, al\u00e9m de receber tamb\u00e9m drag queens, tratadas com hostilidade em outros lugares. Um dia, por\u00e9m, a pol\u00edcia n\u00e3o fez vista grossa.<\/p>\n<p style=\"text-align: justify;\">\u00a0\u00a0\u00a0\u00a0\u00a0\u00a0\u00a0\u00a0\u00a0\u00a0\u00a0 Durante a madrugada 9 policiais entraram no bar, agrediram frequentadores e 13 pessoas foram detidas. Foi ent\u00e3o que a comunidade deixou de apanhar e reagiu: objetos que variavam de moedas a garrafas foram jogados na pol\u00edcia que precisou montar uma barricada para se defender. Ao final, os pr\u00f3prios policiais estavam encurralados dentro do bar.<\/p>\n<p style=\"text-align: justify;\">\u00a0\u00a0\u00a0\u00a0\u00a0\u00a0\u00a0\u00a0\u00a0\u00a0\u00a0 O acontecido repercutiria ent\u00e3o n\u00e3o somente nos pr\u00f3ximos dias, como tamb\u00e9m nos pr\u00f3ximos anos. Nos acontecimentos que se seguiram, a comunidade LGBT+ que at\u00e9 ent\u00e3o se escondia por medo, foi \u00e0s ruas protestar contra a persegui\u00e7\u00e3o policial, tornando esse epis\u00f3dio uma resist\u00eancia p\u00fablica in\u00e9dita. Foi assim que Stonewall fez surgir a ideia do orgulho de ser LGBT+, de ocupar espa\u00e7os e lutar pela igualdade de direitos.<\/p>\n<p style=\"text-align: justify;\">Essa data t\u00e3o importante deve ser celebrada, \u00e9 por isso que festivais e marchas s\u00e3o feitos todos os anos, sendo uma oportunidade de unir e celebrar o orgulho de ser quem \u00e9, al\u00e9m de conscientizar a popula\u00e7\u00e3o sobre inclus\u00e3o e igualdade no mundo todo, \u00e9 um espa\u00e7o de manifesta\u00e7\u00e3o dos direitos por todo o p\u00fablico LGBTQIA+.<\/p>\n<p style=\"text-align: justify;\">No Brasil, a Parada do Orgulho come\u00e7ou em 1995, quase 30 anos depois e se tornou a maior festa do mundo, mas com a pandemia alguns ajustes tiveram que ser feitos. Este ano foi comemorado a 25\u00b0 Parada do Orgulho LGBTQI+ de S\u00e3o Paulo de forma virtual, algumas lives foram feitas nos dias 4,11,18 e 25 de junho, transmitida por 11 canais do youtube.<\/p>\n<p style=\"text-align: justify;\">\u00a0E hoje, no dia oficial, a Organiza\u00e7\u00e3o Bras\u00edlia Orgulho, realizou a sua manifesta\u00e7\u00e3o de orgulho, atrav\u00e9s de uma live \u00e0s 20h, onde houve a ilumina\u00e7\u00e3o arco-\u00edris no Congresso Nacional. A a\u00e7\u00e3o que foi feita atrav\u00e9s de vaquinhas e ser\u00e1 doada cestas b\u00e1sicas para LGBTs, busca fazer hist\u00f3ria no centro do poder pol\u00edtico do pa\u00eds.<\/p>\n<div class=\"pvc_clear\"><\/div>\n<p id=\"pvc_stats_900\" class=\"pvc_stats all  \" data-element-id=\"900\" style=\"\"><i class=\"pvc-stats-icon medium\" aria-hidden=\"true\"><svg aria-hidden=\"true\" focusable=\"false\" data-prefix=\"far\" data-icon=\"chart-bar\" role=\"img\" xmlns=\"http:\/\/www.w3.org\/2000\/svg\" viewBox=\"0 0 512 512\" class=\"svg-inline--fa fa-chart-bar fa-w-16 fa-2x\"><path fill=\"currentColor\" d=\"M396.8 352h22.4c6.4 0 12.8-6.4 12.8-12.8V108.8c0-6.4-6.4-12.8-12.8-12.8h-22.4c-6.4 0-12.8 6.4-12.8 12.8v230.4c0 6.4 6.4 12.8 12.8 12.8zm-192 0h22.4c6.4 0 12.8-6.4 12.8-12.8V140.8c0-6.4-6.4-12.8-12.8-12.8h-22.4c-6.4 0-12.8 6.4-12.8 12.8v198.4c0 6.4 6.4 12.8 12.8 12.8zm96 0h22.4c6.4 0 12.8-6.4 12.8-12.8V204.8c0-6.4-6.4-12.8-12.8-12.8h-22.4c-6.4 0-12.8 6.4-12.8 12.8v134.4c0 6.4 6.4 12.8 12.8 12.8zM496 400H48V80c0-8.84-7.16-16-16-16H16C7.16 64 0 71.16 0 80v336c0 17.67 14.33 32 32 32h464c8.84 0 16-7.16 16-16v-16c0-8.84-7.16-16-16-16zm-387.2-48h22.4c6.4 0 12.8-6.4 12.8-12.8v-70.4c0-6.4-6.4-12.8-12.8-12.8h-22.4c-6.4 0-12.8 6.4-12.8 12.8v70.4c0 6.4 6.4 12.8 12.8 12.8z\" class=\"\"><\/path><\/svg><\/i> <img loading=\"lazy\" decoding=\"async\" width=\"16\" height=\"16\" alt=\"Loading\" src=\"https:\/\/lalidis.com.br\/wp-content\/plugins\/page-views-count\/ajax-loader-2x.gif\" border=0 \/><\/p>\n<div class=\"pvc_clear\"><\/div>\n ","protected":false},"excerpt":{"rendered":"<p>Um dia que s\u00f3 pode ser celebrado hoje por conta das diversas lutas e injusti\u00e7as do passado: o dia 28<\/p>\n","protected":false},"author":1,"featured_media":902,"comment_status":"open","ping_status":"open","sticky":false,"template":"","format":"standard","meta":{"colormag_page_container_layout":"default_layout","colormag_page_sidebar_layout":"default_layout","jetpack_post_was_ever_published":false,"_jetpack_newsletter_access":"","_jetpack_dont_email_post_to_subs":false,"_jetpack_newsletter_tier_id":0,"_jetpack_memberships_contains_paywalled_content":false,"_jetpack_memberships_contains_paid_content":false,"footnotes":""},"categories":[89,1,87],"tags":[23,202,205,203,204],"class_list":["post-900","post","type-post","status-publish","format-standard","has-post-thumbnail","hentry","category-de-tudo-um-pouco","category-lesbicas","category-materias","tag-lgbtqia","tag-lgbt","tag-orgulho-lgbtqia","tag-orgulho-pride","tag-pride"],"a3_pvc":{"activated":true,"total_views":3987,"today_views":0},"yoast_head":"<!-- This site is optimized with the Yoast SEO plugin v27.5 - https:\/\/yoast.com\/product\/yoast-seo-wordpress\/ -->\n<title>Dia do Orgulho LGBTQIA - LALIDIS<\/title>\n<meta name=\"robots\" content=\"index, follow, max-snippet:-1, max-image-preview:large, max-video-preview:-1\" \/>\n<link rel=\"canonical\" href=\"https:\/\/lalidis.com.br\/index.php\/2021\/06\/28\/dia-do-orgulho-lgbtqia\/\" \/>\n<meta property=\"og:locale\" content=\"pt_BR\" \/>\n<meta property=\"og:type\" content=\"article\" \/>\n<meta property=\"og:title\" content=\"Dia do Orgulho LGBTQIA - LALIDIS\" \/>\n<meta property=\"og:description\" content=\"Um dia que s\u00f3 pode ser celebrado hoje por conta das diversas lutas e injusti\u00e7as do passado: o dia 28\" \/>\n<meta property=\"og:url\" content=\"https:\/\/lalidis.com.br\/index.php\/2021\/06\/28\/dia-do-orgulho-lgbtqia\/\" \/>\n<meta property=\"og:site_name\" content=\"LALIDIS\" \/>\n<meta property=\"article:published_time\" content=\"2021-06-28T23:32:03+00:00\" \/>\n<meta property=\"og:image\" content=\"https:\/\/lalidis.com.br\/wp-content\/uploads\/2021\/06\/pexels-north-1280638-scaled.jpg\" \/>\n\t<meta property=\"og:image:width\" content=\"2560\" \/>\n\t<meta property=\"og:image:height\" content=\"1440\" \/>\n\t<meta property=\"og:image:type\" content=\"image\/jpeg\" \/>\n<meta name=\"author\" content=\"Lalidis\" \/>\n<meta name=\"twitter:card\" content=\"summary_large_image\" \/>\n<meta name=\"twitter:label1\" content=\"Escrito por\" \/>\n\t<meta name=\"twitter:data1\" content=\"Lalidis\" \/>\n\t<meta name=\"twitter:label2\" content=\"Est. tempo de leitura\" \/>\n\t<meta name=\"twitter:data2\" content=\"3 minutos\" \/>\n<script type=\"application\/ld+json\" class=\"yoast-schema-graph\">{\"@context\":\"https:\\\/\\\/schema.org\",\"@graph\":[{\"@type\":\"Article\",\"@id\":\"https:\\\/\\\/lalidis.com.br\\\/index.php\\\/2021\\\/06\\\/28\\\/dia-do-orgulho-lgbtqia\\\/#article\",\"isPartOf\":{\"@id\":\"https:\\\/\\\/lalidis.com.br\\\/index.php\\\/2021\\\/06\\\/28\\\/dia-do-orgulho-lgbtqia\\\/\"},\"author\":{\"name\":\"Lalidis\",\"@id\":\"https:\\\/\\\/lalidis.com.br\\\/#\\\/schema\\\/person\\\/e4d35d749074e716926727ce8042326a\"},\"headline\":\"Dia do Orgulho LGBTQIA\",\"datePublished\":\"2021-06-28T23:32:03+00:00\",\"mainEntityOfPage\":{\"@id\":\"https:\\\/\\\/lalidis.com.br\\\/index.php\\\/2021\\\/06\\\/28\\\/dia-do-orgulho-lgbtqia\\\/\"},\"wordCount\":510,\"commentCount\":0,\"image\":{\"@id\":\"https:\\\/\\\/lalidis.com.br\\\/index.php\\\/2021\\\/06\\\/28\\\/dia-do-orgulho-lgbtqia\\\/#primaryimage\"},\"thumbnailUrl\":\"https:\\\/\\\/lalidis.com.br\\\/wp-content\\\/uploads\\\/2021\\\/06\\\/pexels-north-1280638-scaled.jpg\",\"keywords\":[\"#LGBTQIA+\",\"lgbt\",\"orgulho lgbtqia+\",\"orgulho pride\",\"pride\"],\"articleSection\":[\"De tudo um pouco\",\"L\u00e9sbicas\",\"Mat\u00e9rias\"],\"inLanguage\":\"pt-BR\",\"potentialAction\":[{\"@type\":\"CommentAction\",\"name\":\"Comment\",\"target\":[\"https:\\\/\\\/lalidis.com.br\\\/index.php\\\/2021\\\/06\\\/28\\\/dia-do-orgulho-lgbtqia\\\/#respond\"]}]},{\"@type\":\"WebPage\",\"@id\":\"https:\\\/\\\/lalidis.com.br\\\/index.php\\\/2021\\\/06\\\/28\\\/dia-do-orgulho-lgbtqia\\\/\",\"url\":\"https:\\\/\\\/lalidis.com.br\\\/index.php\\\/2021\\\/06\\\/28\\\/dia-do-orgulho-lgbtqia\\\/\",\"name\":\"Dia do Orgulho LGBTQIA - LALIDIS\",\"isPartOf\":{\"@id\":\"https:\\\/\\\/lalidis.com.br\\\/#website\"},\"primaryImageOfPage\":{\"@id\":\"https:\\\/\\\/lalidis.com.br\\\/index.php\\\/2021\\\/06\\\/28\\\/dia-do-orgulho-lgbtqia\\\/#primaryimage\"},\"image\":{\"@id\":\"https:\\\/\\\/lalidis.com.br\\\/index.php\\\/2021\\\/06\\\/28\\\/dia-do-orgulho-lgbtqia\\\/#primaryimage\"},\"thumbnailUrl\":\"https:\\\/\\\/lalidis.com.br\\\/wp-content\\\/uploads\\\/2021\\\/06\\\/pexels-north-1280638-scaled.jpg\",\"datePublished\":\"2021-06-28T23:32:03+00:00\",\"author\":{\"@id\":\"https:\\\/\\\/lalidis.com.br\\\/#\\\/schema\\\/person\\\/e4d35d749074e716926727ce8042326a\"},\"breadcrumb\":{\"@id\":\"https:\\\/\\\/lalidis.com.br\\\/index.php\\\/2021\\\/06\\\/28\\\/dia-do-orgulho-lgbtqia\\\/#breadcrumb\"},\"inLanguage\":\"pt-BR\",\"potentialAction\":[{\"@type\":\"ReadAction\",\"target\":[\"https:\\\/\\\/lalidis.com.br\\\/index.php\\\/2021\\\/06\\\/28\\\/dia-do-orgulho-lgbtqia\\\/\"]}]},{\"@type\":\"ImageObject\",\"inLanguage\":\"pt-BR\",\"@id\":\"https:\\\/\\\/lalidis.com.br\\\/index.php\\\/2021\\\/06\\\/28\\\/dia-do-orgulho-lgbtqia\\\/#primaryimage\",\"url\":\"https:\\\/\\\/lalidis.com.br\\\/wp-content\\\/uploads\\\/2021\\\/06\\\/pexels-north-1280638-scaled.jpg\",\"contentUrl\":\"https:\\\/\\\/lalidis.com.br\\\/wp-content\\\/uploads\\\/2021\\\/06\\\/pexels-north-1280638-scaled.jpg\",\"width\":2560,\"height\":1440},{\"@type\":\"BreadcrumbList\",\"@id\":\"https:\\\/\\\/lalidis.com.br\\\/index.php\\\/2021\\\/06\\\/28\\\/dia-do-orgulho-lgbtqia\\\/#breadcrumb\",\"itemListElement\":[{\"@type\":\"ListItem\",\"position\":1,\"name\":\"In\u00edcio\",\"item\":\"https:\\\/\\\/lalidis.com.br\\\/\"},{\"@type\":\"ListItem\",\"position\":2,\"name\":\"Dia do Orgulho LGBTQIA\"}]},{\"@type\":\"WebSite\",\"@id\":\"https:\\\/\\\/lalidis.com.br\\\/#website\",\"url\":\"https:\\\/\\\/lalidis.com.br\\\/\",\"name\":\"LALIDIS\",\"description\":\"\",\"potentialAction\":[{\"@type\":\"SearchAction\",\"target\":{\"@type\":\"EntryPoint\",\"urlTemplate\":\"https:\\\/\\\/lalidis.com.br\\\/?s={search_term_string}\"},\"query-input\":{\"@type\":\"PropertyValueSpecification\",\"valueRequired\":true,\"valueName\":\"search_term_string\"}}],\"inLanguage\":\"pt-BR\"},{\"@type\":\"Person\",\"@id\":\"https:\\\/\\\/lalidis.com.br\\\/#\\\/schema\\\/person\\\/e4d35d749074e716926727ce8042326a\",\"name\":\"Lalidis\",\"image\":{\"@type\":\"ImageObject\",\"inLanguage\":\"pt-BR\",\"@id\":\"https:\\\/\\\/secure.gravatar.com\\\/avatar\\\/309f71e01da4eb8ed64e07aae1acea71c49d1f31cb8ef0352f38d1f25385fdb3?s=96&d=mm&r=g\",\"url\":\"https:\\\/\\\/secure.gravatar.com\\\/avatar\\\/309f71e01da4eb8ed64e07aae1acea71c49d1f31cb8ef0352f38d1f25385fdb3?s=96&d=mm&r=g\",\"contentUrl\":\"https:\\\/\\\/secure.gravatar.com\\\/avatar\\\/309f71e01da4eb8ed64e07aae1acea71c49d1f31cb8ef0352f38d1f25385fdb3?s=96&d=mm&r=g\",\"caption\":\"Lalidis\"},\"url\":\"https:\\\/\\\/lalidis.com.br\\\/index.php\\\/author\\\/lalidis\\\/\"}]}<\/script>\n<!-- \/ Yoast SEO plugin. -->","yoast_head_json":{"title":"Dia do Orgulho LGBTQIA - LALIDIS","robots":{"index":"index","follow":"follow","max-snippet":"max-snippet:-1","max-image-preview":"max-image-preview:large","max-video-preview":"max-video-preview:-1"},"canonical":"https:\/\/lalidis.com.br\/index.php\/2021\/06\/28\/dia-do-orgulho-lgbtqia\/","og_locale":"pt_BR","og_type":"article","og_title":"Dia do Orgulho LGBTQIA - LALIDIS","og_description":"Um dia que s\u00f3 pode ser celebrado hoje por conta das diversas lutas e injusti\u00e7as do passado: o dia 28","og_url":"https:\/\/lalidis.com.br\/index.php\/2021\/06\/28\/dia-do-orgulho-lgbtqia\/","og_site_name":"LALIDIS","article_published_time":"2021-06-28T23:32:03+00:00","og_image":[{"width":2560,"height":1440,"url":"https:\/\/lalidis.com.br\/wp-content\/uploads\/2021\/06\/pexels-north-1280638-scaled.jpg","type":"image\/jpeg"}],"author":"Lalidis","twitter_card":"summary_large_image","twitter_misc":{"Escrito por":"Lalidis","Est. tempo de leitura":"3 minutos"},"schema":{"@context":"https:\/\/schema.org","@graph":[{"@type":"Article","@id":"https:\/\/lalidis.com.br\/index.php\/2021\/06\/28\/dia-do-orgulho-lgbtqia\/#article","isPartOf":{"@id":"https:\/\/lalidis.com.br\/index.php\/2021\/06\/28\/dia-do-orgulho-lgbtqia\/"},"author":{"name":"Lalidis","@id":"https:\/\/lalidis.com.br\/#\/schema\/person\/e4d35d749074e716926727ce8042326a"},"headline":"Dia do Orgulho LGBTQIA","datePublished":"2021-06-28T23:32:03+00:00","mainEntityOfPage":{"@id":"https:\/\/lalidis.com.br\/index.php\/2021\/06\/28\/dia-do-orgulho-lgbtqia\/"},"wordCount":510,"commentCount":0,"image":{"@id":"https:\/\/lalidis.com.br\/index.php\/2021\/06\/28\/dia-do-orgulho-lgbtqia\/#primaryimage"},"thumbnailUrl":"https:\/\/lalidis.com.br\/wp-content\/uploads\/2021\/06\/pexels-north-1280638-scaled.jpg","keywords":["#LGBTQIA+","lgbt","orgulho lgbtqia+","orgulho pride","pride"],"articleSection":["De tudo um pouco","L\u00e9sbicas","Mat\u00e9rias"],"inLanguage":"pt-BR","potentialAction":[{"@type":"CommentAction","name":"Comment","target":["https:\/\/lalidis.com.br\/index.php\/2021\/06\/28\/dia-do-orgulho-lgbtqia\/#respond"]}]},{"@type":"WebPage","@id":"https:\/\/lalidis.com.br\/index.php\/2021\/06\/28\/dia-do-orgulho-lgbtqia\/","url":"https:\/\/lalidis.com.br\/index.php\/2021\/06\/28\/dia-do-orgulho-lgbtqia\/","name":"Dia do Orgulho LGBTQIA - LALIDIS","isPartOf":{"@id":"https:\/\/lalidis.com.br\/#website"},"primaryImageOfPage":{"@id":"https:\/\/lalidis.com.br\/index.php\/2021\/06\/28\/dia-do-orgulho-lgbtqia\/#primaryimage"},"image":{"@id":"https:\/\/lalidis.com.br\/index.php\/2021\/06\/28\/dia-do-orgulho-lgbtqia\/#primaryimage"},"thumbnailUrl":"https:\/\/lalidis.com.br\/wp-content\/uploads\/2021\/06\/pexels-north-1280638-scaled.jpg","datePublished":"2021-06-28T23:32:03+00:00","author":{"@id":"https:\/\/lalidis.com.br\/#\/schema\/person\/e4d35d749074e716926727ce8042326a"},"breadcrumb":{"@id":"https:\/\/lalidis.com.br\/index.php\/2021\/06\/28\/dia-do-orgulho-lgbtqia\/#breadcrumb"},"inLanguage":"pt-BR","potentialAction":[{"@type":"ReadAction","target":["https:\/\/lalidis.com.br\/index.php\/2021\/06\/28\/dia-do-orgulho-lgbtqia\/"]}]},{"@type":"ImageObject","inLanguage":"pt-BR","@id":"https:\/\/lalidis.com.br\/index.php\/2021\/06\/28\/dia-do-orgulho-lgbtqia\/#primaryimage","url":"https:\/\/lalidis.com.br\/wp-content\/uploads\/2021\/06\/pexels-north-1280638-scaled.jpg","contentUrl":"https:\/\/lalidis.com.br\/wp-content\/uploads\/2021\/06\/pexels-north-1280638-scaled.jpg","width":2560,"height":1440},{"@type":"BreadcrumbList","@id":"https:\/\/lalidis.com.br\/index.php\/2021\/06\/28\/dia-do-orgulho-lgbtqia\/#breadcrumb","itemListElement":[{"@type":"ListItem","position":1,"name":"In\u00edcio","item":"https:\/\/lalidis.com.br\/"},{"@type":"ListItem","position":2,"name":"Dia do Orgulho LGBTQIA"}]},{"@type":"WebSite","@id":"https:\/\/lalidis.com.br\/#website","url":"https:\/\/lalidis.com.br\/","name":"LALIDIS","description":"","potentialAction":[{"@type":"SearchAction","target":{"@type":"EntryPoint","urlTemplate":"https:\/\/lalidis.com.br\/?s={search_term_string}"},"query-input":{"@type":"PropertyValueSpecification","valueRequired":true,"valueName":"search_term_string"}}],"inLanguage":"pt-BR"},{"@type":"Person","@id":"https:\/\/lalidis.com.br\/#\/schema\/person\/e4d35d749074e716926727ce8042326a","name":"Lalidis","image":{"@type":"ImageObject","inLanguage":"pt-BR","@id":"https:\/\/secure.gravatar.com\/avatar\/309f71e01da4eb8ed64e07aae1acea71c49d1f31cb8ef0352f38d1f25385fdb3?s=96&d=mm&r=g","url":"https:\/\/secure.gravatar.com\/avatar\/309f71e01da4eb8ed64e07aae1acea71c49d1f31cb8ef0352f38d1f25385fdb3?s=96&d=mm&r=g","contentUrl":"https:\/\/secure.gravatar.com\/avatar\/309f71e01da4eb8ed64e07aae1acea71c49d1f31cb8ef0352f38d1f25385fdb3?s=96&d=mm&r=g","caption":"Lalidis"},"url":"https:\/\/lalidis.com.br\/index.php\/author\/lalidis\/"}]}},"jetpack_featured_media_url":"https:\/\/lalidis.com.br\/wp-content\/uploads\/2021\/06\/pexels-north-1280638-scaled.jpg","jetpack_sharing_enabled":true,"jetpack_likes_enabled":true,"jetpack-related-posts":[],"_links":{"self":[{"href":"https:\/\/lalidis.com.br\/index.php\/wp-json\/wp\/v2\/posts\/900","targetHints":{"allow":["GET"]}}],"collection":[{"href":"https:\/\/lalidis.com.br\/index.php\/wp-json\/wp\/v2\/posts"}],"about":[{"href":"https:\/\/lalidis.com.br\/index.php\/wp-json\/wp\/v2\/types\/post"}],"author":[{"embeddable":true,"href":"https:\/\/lalidis.com.br\/index.php\/wp-json\/wp\/v2\/users\/1"}],"replies":[{"embeddable":true,"href":"https:\/\/lalidis.com.br\/index.php\/wp-json\/wp\/v2\/comments?post=900"}],"version-history":[{"count":2,"href":"https:\/\/lalidis.com.br\/index.php\/wp-json\/wp\/v2\/posts\/900\/revisions"}],"predecessor-version":[{"id":903,"href":"https:\/\/lalidis.com.br\/index.php\/wp-json\/wp\/v2\/posts\/900\/revisions\/903"}],"wp:featuredmedia":[{"embeddable":true,"href":"https:\/\/lalidis.com.br\/index.php\/wp-json\/wp\/v2\/media\/902"}],"wp:attachment":[{"href":"https:\/\/lalidis.com.br\/index.php\/wp-json\/wp\/v2\/media?parent=900"}],"wp:term":[{"taxonomy":"category","embeddable":true,"href":"https:\/\/lalidis.com.br\/index.php\/wp-json\/wp\/v2\/categories?post=900"},{"taxonomy":"post_tag","embeddable":true,"href":"https:\/\/lalidis.com.br\/index.php\/wp-json\/wp\/v2\/tags?post=900"}],"curies":[{"name":"wp","href":"https:\/\/api.w.org\/{rel}","templated":true}]}}